{"id":3,"__str__":"Comiss\u00e3o de Constitui\u00e7\u00e3o e Justi\u00e7a : ELIBERTO","link_detail_backend":"/comissao/participacao/3","metadata":{},"titular":true,"data_designacao":"2021-02-02","data_desligamento":null,"motivo_desligamento":"","observacao":"","composicao":1,"parlamentar":4,"cargo":1}