{"id":122,"__str__":"REQUERIMENTO n\u00ba 25 de 2023","link_detail_backend":"/materia/122","metadata":{},"numero":25,"ano":2023,"numero_protocolo":null,"data_apresentacao":"2023-03-10","tipo_apresentacao":"","data_publicacao":null,"numero_origem_externa":"","ano_origem_externa":null,"data_origem_externa":null,"apelido":"","dias_prazo":null,"data_fim_prazo":null,"em_tramitacao":true,"polemica":false,"objeto":"","complementar":false,"ementa":"Vereador com assento junto ao \r\nPoder Legislativo Vieiropolense, vem, na forma regimental, requerer que depois de\r\nouvido o Plen\u00e1rio seja encaminhado of\u00edcio ao Prefeito, Jos\u00e9 C\u00e9lio Arist\u00f3teles,\r\nsolicitando que seja instalado um aparelho dessalinizador de \u00e1gua no po\u00e7o artesiano \r\nde propriedade do Munic\u00edpio, localizado defronte \u00e0 farm\u00e1cia de Fabinho, na sede do \r\nMunic\u00edpio de Vieir\u00f3polis.","indexacao":"","observacao":"","resultado":"","texto_original":"http://sapl.vieiropolis.pb.leg.br/media/sapl/public/materialegislativa/2023/122/req._no_025_-_2023_-_colocacao_de_aparelho_dessalinizador_1.pdf","data_ultima_atualizacao":"2023-06-22T09:37:11.775385-03:00","ip":"177.75.21.164","ultima_edicao":"2023-06-22T09:37:11.635301-03:00","tipo":6,"regime_tramitacao":1,"tipo_origem_externa":null,"local_origem_externa":null,"user":13,"anexadas":[],"autores":[8]}