{"id":124,"__str__":"REQUERIMENTO n\u00ba 27 de 2023","link_detail_backend":"/materia/124","metadata":{},"numero":27,"ano":2023,"numero_protocolo":null,"data_apresentacao":"2023-03-10","tipo_apresentacao":"","data_publicacao":null,"numero_origem_externa":"","ano_origem_externa":null,"data_origem_externa":null,"apelido":"","dias_prazo":null,"data_fim_prazo":null,"em_tramitacao":true,"polemica":false,"objeto":"","complementar":false,"ementa":"Vereadora com assento junto ao Poder Legislativo \r\nVieiropolense, vem, na forma regimental, requerer que depois de ouvido o Plen\u00e1rio \r\nseja encaminhado of\u00edcio ao Prefeito Jos\u00e9 C\u00e9lio Arist\u00f3teles, solicitando empenho no \r\nsentido de que seja constru\u00edda uma Quadra Poliesportiva na comunidade de \r\nUmburana de Cima, zona rural deste Munic\u00edpio.","indexacao":"","observacao":"","resultado":"","texto_original":"http://sapl.vieiropolis.pb.leg.br/media/sapl/public/materialegislativa/2023/124/req._no_027_-_2023_-_construcao_de_quadra_de_esportes_umburana_de_cima_1.pdf","data_ultima_atualizacao":"2023-06-22T09:36:03.768501-03:00","ip":"177.75.21.164","ultima_edicao":"2023-06-22T09:36:03.627215-03:00","tipo":6,"regime_tramitacao":1,"tipo_origem_externa":null,"local_origem_externa":null,"user":13,"anexadas":[],"autores":[14]}