{"id":129,"__str__":"REQUERIMENTO n\u00ba 30 de 2023","link_detail_backend":"/materia/129","metadata":{},"numero":30,"ano":2023,"numero_protocolo":null,"data_apresentacao":"2023-03-31","tipo_apresentacao":"","data_publicacao":null,"numero_origem_externa":"","ano_origem_externa":null,"data_origem_externa":null,"apelido":"","dias_prazo":null,"data_fim_prazo":null,"em_tramitacao":true,"polemica":false,"objeto":"","complementar":false,"ementa":"Solicita que seja constru\u00edda uma pista tipo alameda para caminhadas e exerc\u00edcios f\u00edsicos no trecho que se inicia no portal de entrada da cidade localizado pr\u00f3ximo ao pr\u00e9dio do PAIF e segue margeando a PB/383, Jos\u00e9 J\u00falio Gon\u00e7alves at\u00e9 as imedia\u00e7\u00f5es da entrada para a resid\u00eancia do Sr. Peba, pr\u00f3ximo ao pr\u00e9dio do antigo Grupo Escolar.","indexacao":"","observacao":"","resultado":"","texto_original":"http://sapl.vieiropolis.pb.leg.br/media/sapl/public/materialegislativa/2023/129/req._no_030_-_2023_-_construcao_de_passarela_para_caminhada.pdf","data_ultima_atualizacao":"2023-06-22T09:35:16.680094-03:00","ip":"177.75.21.164","ultima_edicao":"2023-06-22T09:35:16.456382-03:00","tipo":6,"regime_tramitacao":1,"tipo_origem_externa":null,"local_origem_externa":null,"user":13,"anexadas":[],"autores":[8]}