{"id":131,"__str__":"PROJETO DE LEI COMPLEMENTAR DO LEGISLATIVO n\u00ba 1 de 2023","link_detail_backend":"/materia/131","metadata":{},"numero":1,"ano":2023,"numero_protocolo":null,"data_apresentacao":"2023-04-14","tipo_apresentacao":"","data_publicacao":null,"numero_origem_externa":"","ano_origem_externa":null,"data_origem_externa":null,"apelido":"","dias_prazo":null,"data_fim_prazo":null,"em_tramitacao":true,"polemica":false,"objeto":"","complementar":false,"ementa":"AUTORIZA A CRIA\u00c7\u00c3O ESTRUTURA FUNCIONAL ADMINISTRATIVA DA C\u00c2MARA MUNICIPAL DE VIEIR\u00d3POLIS \u2013 ESTADO DA PARA\u00cdBA, INSTITUI SEUS VENCIMENTOS, BEM COMO AUTORIZA CONCESS\u00c3O DE GRATIFICA\u00c7\u00c3O DE FUN\u00c7\u00c3O AOS OCUPANTES CARGO EM COMISS\u00c3O E D\u00c1 OUTRAS PROVID\u00caNCIAS.","indexacao":"","observacao":"Projeto de Lei Complementar dos Vereadores: Ant\u00f4nio Adelino de Oliveira Neto, H\u00e9lio Reginaldo Dias, Luzia Andrade de Oliveira, Evandro Moreira Pamplona e Francisco Em\u00eddio de Abrantes.","resultado":"","texto_original":"http://sapl.vieiropolis.pb.leg.br/media/sapl/public/materialegislativa/2023/131/plc_n_001-_2023_autoriza_a_criacao_da_estrutura_funcional_administrativa_da_camara_municial_de_vieiropolis.pdf","data_ultima_atualizacao":"2023-05-31T12:34:55.090371-03:00","ip":"177.75.21.164","ultima_edicao":"2023-05-31T12:34:54.956658-03:00","tipo":2,"regime_tramitacao":1,"tipo_origem_externa":null,"local_origem_externa":null,"user":13,"anexadas":[],"autores":[]}