{"id":13,"__str__":"REQUERIMENTO n\u00ba 26 de 2022","link_detail_backend":"/materia/13","metadata":{},"numero":26,"ano":2022,"numero_protocolo":null,"data_apresentacao":"2022-04-30","tipo_apresentacao":"","data_publicacao":null,"numero_origem_externa":"","ano_origem_externa":null,"data_origem_externa":null,"apelido":"","dias_prazo":null,"data_fim_prazo":null,"em_tramitacao":true,"polemica":false,"objeto":"","complementar":false,"ementa":"Requerer que seja marcada uma Audi\u00eancia P\u00fablica para o dia 07 de maio de 2022 para debater com as autoridades competentes e a popula\u00e7\u00e3o sobre a PLO 10/2022 que estabelece diretrizes e metas or\u00e7amentaria para 2023.","indexacao":"","observacao":"","resultado":"","texto_original":null,"data_ultima_atualizacao":"2022-04-30T08:53:51.320601-03:00","ip":"177.75.23.59","ultima_edicao":"2022-04-30T08:53:51.261697-03:00","tipo":6,"regime_tramitacao":1,"tipo_origem_externa":null,"local_origem_externa":null,"user":13,"anexadas":[],"autores":[]}