{"id":238,"__str__":"REQUERIMENTO n\u00ba 22 de 2024","link_detail_backend":"/materia/238","metadata":{},"numero":22,"ano":2024,"numero_protocolo":null,"data_apresentacao":"2024-04-19","tipo_apresentacao":"","data_publicacao":null,"numero_origem_externa":"","ano_origem_externa":null,"data_origem_externa":null,"apelido":"","dias_prazo":null,"data_fim_prazo":null,"em_tramitacao":true,"polemica":false,"objeto":"","complementar":false,"ementa":"ANT\u00d4NIO ADELINO DE OLIVEIRA NETO, Vereador com assento junto ao Poder Legislativo Vieiropolense, vem, na forma regimental, requerer que depois de ouvido o Plen\u00e1rio seja encaminhado of\u00edcio ao Governador, Jo\u00e3o Azevedo Filho, ao Superintendente do Departamento de Estradas e Rodagem da Para\u00edba, Carlos Pereira de Carvalho e Silva, solicitando que seja realizada a recupera\u00e7\u00e3o da malha asf\u00e1ltica da pb \u2013 383 \u2013 Jos\u00e9 J\u00falio Gon\u00e7alves, que liga o contorno da PB 385 \u2013 Mauro Abrantes Sobrinho a sede do Munic\u00edpio de Vieir\u00f3pilis.","indexacao":"","observacao":"","resultado":"","texto_original":null,"data_ultima_atualizacao":"2024-04-19T17:30:55.098513-03:00","ip":"177.75.21.164","ultima_edicao":"2024-04-19T17:23:55.118122-03:00","tipo":6,"regime_tramitacao":1,"tipo_origem_externa":null,"local_origem_externa":null,"user":13,"anexadas":[],"autores":[]}