{"id":317,"__str__":"PROJETO DE LEI ORDIN\u00c1RIA DO EXECUTIVO n\u00ba 27 de 2025","link_detail_backend":"/materia/317","metadata":{},"numero":27,"ano":2025,"numero_protocolo":null,"data_apresentacao":"2025-10-04","tipo_apresentacao":"","data_publicacao":null,"numero_origem_externa":"","ano_origem_externa":null,"data_origem_externa":null,"apelido":"","dias_prazo":null,"data_fim_prazo":null,"em_tramitacao":false,"polemica":false,"objeto":"","complementar":false,"ementa":"AUTORIZA O PODER EXECUTIVO\r\nMUNICIPAL A CELEBRAR CONV\u00caNIO COM A\r\nFUNDA\u00c7\u00c3O PEDRO AM\u00c9RICO, ENTIDADE\r\nFILANTR\u00d3PICA SEM FINS LUCRATIVOS,\r\nPARA A PRESTA\u00c7\u00c3O DE SERVI\u00c7OS DE\r\nSA\u00daDE COMPLEMENTARES AO SISTEMA\r\n\u00daNICO DE SA\u00daDE \u2014 SUS, E D\u00c1 OUTRAS\r\nPROVID\u00caNCIAS.","indexacao":"","observacao":"","resultado":"","texto_original":"http://sapl.vieiropolis.pb.leg.br/media/sapl/public/materialegislativa/2025/317/plo_no_027_-_2025_-_autoriza_celebrar_convenio.pdf","data_ultima_atualizacao":"2025-11-04T14:51:00.764880-03:00","ip":"187.17.191.54","ultima_edicao":"2025-11-04T14:49:16.727889-03:00","tipo":11,"regime_tramitacao":1,"tipo_origem_externa":null,"local_origem_externa":null,"user":2,"anexadas":[],"autores":[16]}