{"id":347,"__str__":"REQUERIMENTO n\u00ba 9 de 2026","link_detail_backend":"/materia/347","metadata":{},"numero":9,"ano":2026,"numero_protocolo":null,"data_apresentacao":"2026-03-07","tipo_apresentacao":"E","data_publicacao":null,"numero_origem_externa":"8","ano_origem_externa":2026,"data_origem_externa":null,"apelido":"","dias_prazo":null,"data_fim_prazo":null,"em_tramitacao":true,"polemica":false,"objeto":"","complementar":false,"ementa":"solicitar que depois de ouvido o Plen\u00e1rio, e se aprovado, sejam respectivamente,  concedido urg\u00eancia especial, dispensando-se as exig\u00eancias legais ou formalidades regimentais, tais como: pareceres das comiss\u00f5es competentes e prazos regimentais, para o Projeto de Lei Ordin\u00e1ria n\u00ba 001/2026, de autoria do Vereador, Juc\u00e9lio Alves de Assis, que disp\u00f5e sobre a cria\u00e7\u00e3o da Carteira de Identifica\u00e7\u00e3o da Pessoa com Transtorno do Espectro Autista (CIPTEA) no \u00e2mbito do Munic\u00edpio de Vieir\u00f3polis-PB, e d\u00e1 outras provid\u00eancias..","indexacao":"","observacao":"","resultado":"","texto_original":"http://sapl.vieiropolis.pb.leg.br/media/sapl/public/materialegislativa/2026/347/req._no_008_-_2026_-_dp_-_plo_no_001-2025_-_jma.pdf","data_ultima_atualizacao":"2026-03-07T09:51:33.566964-03:00","ip":"177.75.22.173","ultima_edicao":"2026-03-07T09:32:53.928932-03:00","tipo":6,"regime_tramitacao":1,"tipo_origem_externa":6,"local_origem_externa":null,"user":13,"anexadas":[],"autores":[]}