{"id":354,"__str__":"REQUERIMENTO n\u00ba 12 de 2026","link_detail_backend":"/materia/354","metadata":{},"numero":12,"ano":2026,"numero_protocolo":null,"data_apresentacao":"2026-03-28","tipo_apresentacao":"E","data_publicacao":null,"numero_origem_externa":"11","ano_origem_externa":2026,"data_origem_externa":null,"apelido":"","dias_prazo":null,"data_fim_prazo":null,"em_tramitacao":true,"polemica":false,"objeto":"","complementar":false,"ementa":"Solicitando que depois de ouvido o Plen\u00e1rio, e se aprovado, sejam respectivamente,  concedido urg\u00eancia especial, dispensando-se as exig\u00eancias legais ou formalidades regimentais, tais como: pareceres das comiss\u00f5es competentes e prazos regimentais, para o Projeto de Lei Ordin\u00e1ria n\u00ba 005/2026, de autoria do Poder Executivo Municipal, que autoriza o Poder Executivo a proceder \u00e0 doa\u00e7\u00e3o da \u00e1rea constru\u00edda de im\u00f3vel p\u00fablico \u00e0 Capela de Nosso Senhor do Bonfim, vinculada a Par\u00f3quia S\u00e3o Joaquim e Sant\u2019Ana.","indexacao":"","observacao":"","resultado":"","texto_original":null,"data_ultima_atualizacao":"2026-03-28T08:55:13.888646-03:00","ip":"177.75.22.169","ultima_edicao":"2026-03-28T08:52:26.616627-03:00","tipo":6,"regime_tramitacao":1,"tipo_origem_externa":6,"local_origem_externa":null,"user":13,"anexadas":[],"autores":[]}