{"id":357,"__str__":"REQUERIMENTO n\u00ba 13 de 2026","link_detail_backend":"/materia/357","metadata":{},"numero":13,"ano":2026,"numero_protocolo":null,"data_apresentacao":"2026-04-11","tipo_apresentacao":"E","data_publicacao":null,"numero_origem_externa":"13","ano_origem_externa":2026,"data_origem_externa":null,"apelido":"","dias_prazo":null,"data_fim_prazo":null,"em_tramitacao":false,"polemica":false,"objeto":"","complementar":false,"ementa":"Solicitando que seja marcada uma Tribuna do Povo para o dia 11 de abril de 2026, ap\u00f3s o encerramento da 7\u00aa Sess\u00e3o Ordin\u00e1ria, que ocorrer\u00e1 a partir das 10h, ocasi\u00e3o em que os Membros do Conselho Tutelar do Munic\u00edpio de Vieir\u00f3polis, ir\u00e3o expor aos Vereadores e a popula\u00e7\u00e3o em geral, as demandas, desafios e necessidades enfrentadas por esse importante \u00f3rg\u00e3o de prote\u00e7\u00e3o \u00e0 inf\u00e2ncia e a adolesc\u00eancia.","indexacao":"","observacao":"","resultado":"","texto_original":null,"data_ultima_atualizacao":"2026-04-11T08:54:17.505758-03:00","ip":"177.75.22.170","ultima_edicao":"2026-04-11T08:51:18.128388-03:00","tipo":6,"regime_tramitacao":1,"tipo_origem_externa":6,"local_origem_externa":null,"user":13,"anexadas":[],"autores":[20]}