{"id":368,"__str__":"PROJETO DE LEI ORDIN\u00c1RIA DO LEGISLATIVO n\u00ba 2 de 2026","link_detail_backend":"/materia/368","metadata":{},"numero":2,"ano":2026,"numero_protocolo":null,"data_apresentacao":"2026-04-18","tipo_apresentacao":"E","data_publicacao":null,"numero_origem_externa":"2","ano_origem_externa":2026,"data_origem_externa":null,"apelido":"","dias_prazo":null,"data_fim_prazo":null,"em_tramitacao":false,"polemica":false,"objeto":"","complementar":false,"ementa":"Disp\u00f5e sobre a cria\u00e7\u00e3o e regulamenta\u00e7\u00e3o da Feira Livre para Comercializa\u00e7\u00e3o de Animais no Munic\u00edpio de Vieir\u00f3polis, Estado da Para\u00edba e d\u00e1 outras provid\u00eancias.","indexacao":"","observacao":"","resultado":"","texto_original":"http://sapl.vieiropolis.pb.leg.br/media/sapl/public/materialegislativa/2026/368/plo_no_002_-_2026_-_fabio_cria_feira_de_animais.pdf","data_ultima_atualizacao":"2026-04-18T09:45:38.405158-03:00","ip":"177.75.22.173","ultima_edicao":"2026-04-18T09:44:01.364864-03:00","tipo":1,"regime_tramitacao":1,"tipo_origem_externa":1,"local_origem_externa":null,"user":13,"anexadas":[],"autores":[20]}