{"id":96,"__str__":"PROJETO DE LEI ORDIN\u00c1RIA DO LEGISLATIVO n\u00ba 4 de 2023","link_detail_backend":"/materia/96","metadata":{},"numero":4,"ano":2023,"numero_protocolo":null,"data_apresentacao":"2023-02-10","tipo_apresentacao":"","data_publicacao":null,"numero_origem_externa":"","ano_origem_externa":null,"data_origem_externa":null,"apelido":"","dias_prazo":null,"data_fim_prazo":null,"em_tramitacao":true,"polemica":false,"objeto":"","complementar":false,"ementa":"Denomina\u00e7\u00e3o Rua na sede do Munic\u00edpio de Vieir\u00f3polis e d\u00e1 outras provid\u00eancias.","indexacao":"","observacao":"","resultado":"","texto_original":"http://sapl.vieiropolis.pb.leg.br/media/sapl/public/materialegislativa/2023/96/plo_no_004_-_2023_-_den._rua_na_sede_de_walfredo_moreira_da_nobrega.pdf","data_ultima_atualizacao":"2023-03-10T15:21:54.154092-03:00","ip":"177.75.21.164","ultima_edicao":"2023-03-10T15:21:54.024302-03:00","tipo":1,"regime_tramitacao":1,"tipo_origem_externa":null,"local_origem_externa":null,"user":13,"anexadas":[],"autores":[9]}